{"id":3071,"date":"2025-12-16T20:06:36","date_gmt":"2025-12-16T19:06:36","guid":{"rendered":"https:\/\/www.stodolaolomouc.cz\/?p=3071"},"modified":"2025-12-16T20:07:05","modified_gmt":"2025-12-16T19:07:05","slug":"swiateczna-rzecz-w-stodole-w-nowym-roku","status":"publish","type":"post","link":"https:\/\/www.stodolaolomouc.cz\/pl\/blog\/vanocni-vecirek-ve-stodole-v-novem-roce\/","title":{"rendered":"IMPREZA BO\u017bONARODZENIOWA W STODOLE W NOWYM ROKU!"},"content":{"rendered":"<p><strong>Impreza \u015bwi\u0105teczna... po \u015bwi\u0119tach? \ud83c\udf84\u2728 A co je\u015bli najlepsze b\u0119dzie w styczniu lub lutym 2026 - i z 10 zni\u017ckami %?<\/strong><\/p>\n\n\n\n<p>Je\u015bli przegapi\u0142e\u015b go w tym roku lub je\u015bli chcesz zako\u0144czy\u0107 rok w dobrym stylu (i bez stresu zwi\u0105zanego z grudniem), w&nbsp;<strong>Stodo\u0142a<\/strong>&nbsp;przygotujemy dla Ciebie&nbsp;<strong>firmowe przyj\u0119cie \u015bwi\u0105teczne w styczniu i lutym 2026 r.<\/strong>&nbsp;- i dodatkowo&nbsp;<strong>10% zni\u017cka za wydanie ponad 10 000 CZK<\/strong>.<\/p>\n\n\n\n<h2 class=\"wp-block-heading\">Dlaczego Stodola?<\/h2>\n\n\n\n<p>W Stodola potrafimy organizowa\u0107 imprezy, kt\u00f3re maj\u0105 atmosfer\u0119 i klas\u0119. A co najwa\u017cniejsze - mo\u017cemy je zbudowa\u0107 dok\u0142adnie tak, jak sobie tego \u017cyczysz.<\/p>\n\n\n\n<h3 class=\"wp-block-heading\">Wielodaniowe menu, bankiety i catering na zam\u00f3wienie<\/h3>\n\n\n\n<p>Uroczysty posi\u0142ek zasiadany? A mo\u017ce bardziej zrelaksowany wiecz\u00f3r z bufetem? A mo\u017ce po\u0142\u0105czenie obu opcji, aby ka\u017cdy m\u00f3g\u0142 znale\u017a\u0107 co\u015b dla siebie?<\/p>\n\n\n\n<ul class=\"wp-block-list\">\n<li><strong>Menu sk\u0142adaj\u0105ce si\u0119 z wielu da\u0144<\/strong>\u00a0(nawet styl degustacji)<\/li>\n\n\n\n<li><strong>Bankiety<\/strong>\u00a0od l\u017cejszych opcji po prawdziw\u0105 uczt\u0119<\/li>\n\n\n\n<li><strong>Catering szyty na miar\u0119<\/strong>\u00a0dla Twojej firmy, tematu, bud\u017cetu i harmonogramu<br>A kiedy tylko zechcesz, prze\u015blemy Ci inspiracje i pr\u00f3bki tego, co aktualnie gotujemy.\u00a0<\/li>\n<\/ul>\n\n\n\n<h2 class=\"wp-block-heading\">Pojemno\u015b\u0107? Od 20 do 130 os\u00f3b \ud83d\udcaa<\/h2>\n\n\n\n<p>Niezale\u017cnie od tego, czy planujesz kameraln\u0105 imprez\u0119 zespo\u0142ow\u0105, czy du\u017cy wiecz\u00f3r firmowy, poradzimy sobie z tym:<\/p>\n\n\n\n<ul class=\"wp-block-list\">\n<li><strong>grupy od 20 do 130 os\u00f3b<\/strong><\/li>\n\n\n\n<li>sprawna obs\u0142uga, kt\u00f3ra podoba si\u0119 go\u015bciom (i za kt\u00f3r\u0105 dzi\u0119kuj\u0105 szefowie)<\/li>\n\n\n\n<li>\u201eprzyjmujemy \u201cnierozwi\u0105zywalne\" \u017cyczenia jako\u00a0<strong>po\u0142\u0105czenie<\/strong>, nie stanowi problemu.<\/li>\n<\/ul>\n\n\n\n<h2 class=\"wp-block-heading\">Niewi\u0105\u017c\u0105ca oferta? Oczywi\u015bcie.<\/h2>\n\n\n\n<p>Skontaktuj si\u0119 z nami, a my przygotujemy&nbsp;<strong>niewi\u0105\u017c\u0105ca oferta<\/strong>&nbsp;w zale\u017cno\u015bci od liczby os\u00f3b, stylu imprezy, jedzenia, czasu i preferencji.<\/p>\n\n\n\n<p>\ud83d\udccd&nbsp;<strong>Restauracja Stodola - Litovelsk\u00e1 77, Olomouc<\/strong><br>Kontakt:&nbsp;<strong>mened\u017cer restauracji Stanko Kub\u00edn<\/strong><br>\u2709\ufe0f&nbsp;<strong><a>stodolaolomouc@gmail.com<\/a><\/strong><\/p>\n\n\n\n<p>\ud83d\udc49 \u015aled\u017a nas, polub nas, napisz w komentarzu dat\u0119 lub liczb\u0119 os\u00f3b i sprawd\u017a nasze&nbsp;<strong>BIO \/ na stronie internetowej<\/strong>&nbsp;- Nie przegap najlepszych zimowych dat!<\/p>\n\n\n\n<figure class=\"wp-block-image size-large\"><img fetchpriority=\"high\" decoding=\"async\" width=\"1024\" height=\"1024\" src=\"https:\/\/www.stodolaolomouc.cz\/wp-content\/uploads\/2025\/12\/WhatsApp-Image-2025-12-16-at-15.40.54-1-1024x1024.jpeg\" alt=\"\" class=\"wp-image-3074\" srcset=\"https:\/\/www.stodolaolomouc.cz\/wp-content\/uploads\/2025\/12\/WhatsApp-Image-2025-12-16-at-15.40.54-1-1024x1024.jpeg 1024w, https:\/\/www.stodolaolomouc.cz\/wp-content\/uploads\/2025\/12\/WhatsApp-Image-2025-12-16-at-15.40.54-1-300x300.jpeg 300w, https:\/\/www.stodolaolomouc.cz\/wp-content\/uploads\/2025\/12\/WhatsApp-Image-2025-12-16-at-15.40.54-1-150x150.jpeg 150w, https:\/\/www.stodolaolomouc.cz\/wp-content\/uploads\/2025\/12\/WhatsApp-Image-2025-12-16-at-15.40.54-1-768x768.jpeg 768w, https:\/\/www.stodolaolomouc.cz\/wp-content\/uploads\/2025\/12\/WhatsApp-Image-2025-12-16-at-15.40.54-1-12x12.jpeg 12w, https:\/\/www.stodolaolomouc.cz\/wp-content\/uploads\/2025\/12\/WhatsApp-Image-2025-12-16-at-15.40.54-1.jpeg 1080w\" sizes=\"(max-width: 1024px) 100vw, 1024px\" \/><\/figure>","protected":false},"excerpt":{"rendered":"<p>V\u00e1no\u010dn\u00ed ve\u010d\u00edrek\u2026 a\u017e po V\u00e1noc\u00edch? \ud83c\udf84\u2728 Co kdyby byl ten nejlep\u0161\u00ed pr\u00e1v\u011b v lednu nebo \u00fanoru 2026 \u2013 a je\u0161t\u011b se slevou 10 %? Pokud jste to letos nestihli, nebo chcete ud\u011blat te\u010dku za rokem ve v\u011bt\u0161\u00edm stylu (a bez prosincov\u00e9ho stresu), ve&nbsp;Stodole&nbsp;pro v\u00e1s nachyst\u00e1me&nbsp;v\u00e1no\u010dn\u00ed firemn\u00ed ve\u010d\u00edrek v lednu a \u00fanoru 2026&nbsp;\u2013 a k tomu&nbsp;10% [&hellip;]<\/p>\n","protected":false},"author":2,"featured_media":3072,"comment_status":"closed","ping_status":"open","sticky":false,"template":"","format":"standard","meta":{"_acf_changed":false,"footnotes":""},"categories":[1],"tags":[],"class_list":["post-3071","post","type-post","status-publish","format-standard","has-post-thumbnail","hentry","category-nezarazene"],"acf":[],"_links":{"self":[{"href":"https:\/\/www.stodolaolomouc.cz\/pl\/wp-json\/wp\/v2\/posts\/3071","targetHints":{"allow":["GET"]}}],"collection":[{"href":"https:\/\/www.stodolaolomouc.cz\/pl\/wp-json\/wp\/v2\/posts"}],"about":[{"href":"https:\/\/www.stodolaolomouc.cz\/pl\/wp-json\/wp\/v2\/types\/post"}],"author":[{"embeddable":true,"href":"https:\/\/www.stodolaolomouc.cz\/pl\/wp-json\/wp\/v2\/users\/2"}],"replies":[{"embeddable":true,"href":"https:\/\/www.stodolaolomouc.cz\/pl\/wp-json\/wp\/v2\/comments?post=3071"}],"version-history":[{"count":2,"href":"https:\/\/www.stodolaolomouc.cz\/pl\/wp-json\/wp\/v2\/posts\/3071\/revisions"}],"predecessor-version":[{"id":3075,"href":"https:\/\/www.stodolaolomouc.cz\/pl\/wp-json\/wp\/v2\/posts\/3071\/revisions\/3075"}],"wp:featuredmedia":[{"embeddable":true,"href":"https:\/\/www.stodolaolomouc.cz\/pl\/wp-json\/wp\/v2\/media\/3072"}],"wp:attachment":[{"href":"https:\/\/www.stodolaolomouc.cz\/pl\/wp-json\/wp\/v2\/media?parent=3071"}],"wp:term":[{"taxonomy":"category","embeddable":true,"href":"https:\/\/www.stodolaolomouc.cz\/pl\/wp-json\/wp\/v2\/categories?post=3071"},{"taxonomy":"post_tag","embeddable":true,"href":"https:\/\/www.stodolaolomouc.cz\/pl\/wp-json\/wp\/v2\/tags?post=3071"}],"curies":[{"name":"wp","href":"https:\/\/api.w.org\/{rel}","templated":true}]}}