{"id":2703,"date":"2025-09-05T13:03:01","date_gmt":"2025-09-05T11:03:01","guid":{"rendered":"https:\/\/www.stodolaolomouc.cz\/?p=2703"},"modified":"2025-09-05T13:03:01","modified_gmt":"2025-09-05T11:03:01","slug":"%f0%9f%94%a5-degustacja-innego-grilla-na-pozegnanie-sezonu-grillowego-w-stodole","status":"publish","type":"post","link":"https:\/\/www.stodolaolomouc.cz\/pl\/blog\/%f0%9f%94%a5-degustace-ohen-grill-rozlouceni-s-grilovaci-sezonou-ve-stodole\/","title":{"rendered":"\ud83d\udd25 DEGUSTACJA FIRE &amp; GRILL - Po\u017cegnanie sezonu grillowego w Stodole\u00a0"},"content":{"rendered":"<p>Drodzy go\u015bcie, przyjaciele i fani dobrego jedzenia,<\/p>\n\n\n\n<p>Jestem&nbsp;<strong>Standa Kubin<\/strong>, manager restauracji Stodo\u0142a, i serdecznie zapraszam na nasz\u0105 kolejn\u0105 kolacj\u0119 degustacyjn\u0105, kt\u00f3ra b\u0119dzie nosi\u0142a nazw\u0119&nbsp;<strong>Fire &amp; Grill<\/strong>. Tym razem wsp\u00f3lnie po\u017cegnamy lato i sezon grillowy w dobrym stylu - bezpo\u015brednio w naszym ogrodzie. \u2728<\/p>\n\n\n\n<p>\ud83d\udcc5&nbsp;<strong>Kiedy?<\/strong>&nbsp;\u015aroda, 24 wrze\u015bnia 2025 r. od godz. 18:00<br>\ud83d\udccd&nbsp;<strong>Gdzie?<\/strong>&nbsp;Restauracja Stodola - ogr\u00f3d, O\u0142omuniec<\/p>\n\n\n\n<p>Czego mo\u017cesz si\u0119 spodziewa\u0107?<br>\ud83c\udf74&nbsp;<strong>2 startery<\/strong>&nbsp;- Peter vs. Jarda<br>\ud83d\udd25&nbsp;<strong>2 dania g\u0142\u00f3wne<\/strong>&nbsp;- Ka\u017cdy w swoim w\u0142asnym stylu, inspirowany ogniem i grillowaniem<br>\ud83c\udf70&nbsp;<strong>1 deser<\/strong>&nbsp;- s\u0142odki punkt na ko\u0144cu<br>\ud83c\udfac&nbsp;<strong>Pokaz na \u017cywo<\/strong>&nbsp;- gotowanie na twoich oczach<\/p>\n\n\n\n<p>\ud83d\udc49 Poprowadz\u0119 was przez ca\u0142y wiecz\u00f3r, albo z mikrofonu, albo bezpo\u015brednio w\u015br\u00f3d was przy sto\u0142ach. Degustacja w Stodole to dla mnie nie tylko jedzenie - to po\u0142\u0105czenie&nbsp;<strong>sztuka, smak i atmosfera<\/strong>, kt\u00f3rymi chcemy si\u0119 z wami podzieli\u0107.<\/p>\n\n\n\n<p>\ud83c\udf9f\ufe0f Bilety s\u0105 ju\u017c w sprzeda\u017cy na stronie\u00a0<strong>Bilet SMS<\/strong>\u00a0- i uwaga, pojemno\u015b\u0107 jest ograniczona do 60 miejsc - <a href=\"https:\/\/www.smsticket.cz\/vstupenky\/59884-degustace-na-tema-ohen-grill-restaurace-stodola-olomouc?utm_campaign=smsticket-prodejni-odkaz\" data-type=\"link\" data-id=\"https:\/\/www.smsticket.cz\/vstupenky\/59884-degustace-na-tema-ohen-grill-restaurace-stodola-olomouc?utm_campaign=smsticket-prodejni-odkaz\" target=\"_blank\" rel=\"noopener\">https:\/\/www.smsticket.cz\/vstupenky\/59884-degustace-na-tema-ohen-grill-restaurace-stodola-olomouc?utm_campaign=smsticket-prodejni-odkaz<\/a><\/p>\n\n\n\n<p>Zapraszamy na wiecz\u00f3r, podczas kt\u00f3rego ogie\u0144, smak i do\u015bwiadczenie spotkaj\u0105 si\u0119 ze sob\u0105. Ju\u017c nie mo\u017cemy si\u0119 doczeka\u0107 wsp\u00f3lnie sp\u0119dzonego czasu! \u2764\ufe0f<\/p>\n\n\n\n<p>Z szacunkiem i rado\u015bci\u0105,<br><strong>Standa Kubin<\/strong><br>mened\u017cer Restauracja Stodo\u0142a<\/p>\n\n\n\n<p>#StodolaOlomouc #Degustacja #OhenaGrill #Podzim2025 #SMSticket #GastroEnjoyment #ShowCooking<\/p>\n\n\n\n<figure class=\"wp-block-image size-large\"><img fetchpriority=\"high\" decoding=\"async\" width=\"1024\" height=\"1024\" src=\"https:\/\/www.stodolaolomouc.cz\/wp-content\/uploads\/2025\/09\/1-1-1024x1024.png\" alt=\"\" class=\"wp-image-2704\" srcset=\"https:\/\/www.stodolaolomouc.cz\/wp-content\/uploads\/2025\/09\/1-1-1024x1024.png 1024w, https:\/\/www.stodolaolomouc.cz\/wp-content\/uploads\/2025\/09\/1-1-300x300.png 300w, https:\/\/www.stodolaolomouc.cz\/wp-content\/uploads\/2025\/09\/1-1-150x150.png 150w, https:\/\/www.stodolaolomouc.cz\/wp-content\/uploads\/2025\/09\/1-1-768x768.png 768w, https:\/\/www.stodolaolomouc.cz\/wp-content\/uploads\/2025\/09\/1-1.png 1080w\" sizes=\"(max-width: 1024px) 100vw, 1024px\" \/><\/figure>\n\n\n\n<figure class=\"wp-block-image size-large\"><img decoding=\"async\" width=\"1024\" height=\"1024\" src=\"https:\/\/www.stodolaolomouc.cz\/wp-content\/uploads\/2025\/09\/2-1-1024x1024.png\" alt=\"\" class=\"wp-image-2705\" srcset=\"https:\/\/www.stodolaolomouc.cz\/wp-content\/uploads\/2025\/09\/2-1-1024x1024.png 1024w, https:\/\/www.stodolaolomouc.cz\/wp-content\/uploads\/2025\/09\/2-1-300x300.png 300w, https:\/\/www.stodolaolomouc.cz\/wp-content\/uploads\/2025\/09\/2-1-150x150.png 150w, https:\/\/www.stodolaolomouc.cz\/wp-content\/uploads\/2025\/09\/2-1-768x768.png 768w, https:\/\/www.stodolaolomouc.cz\/wp-content\/uploads\/2025\/09\/2-1.png 1080w\" sizes=\"(max-width: 1024px) 100vw, 1024px\" \/><\/figure>\n\n\n\n<figure class=\"wp-block-image size-large\"><img decoding=\"async\" width=\"1024\" height=\"1024\" src=\"https:\/\/www.stodolaolomouc.cz\/wp-content\/uploads\/2025\/09\/3-1-1024x1024.png\" alt=\"\" class=\"wp-image-2706\" srcset=\"https:\/\/www.stodolaolomouc.cz\/wp-content\/uploads\/2025\/09\/3-1-1024x1024.png 1024w, https:\/\/www.stodolaolomouc.cz\/wp-content\/uploads\/2025\/09\/3-1-300x300.png 300w, https:\/\/www.stodolaolomouc.cz\/wp-content\/uploads\/2025\/09\/3-1-150x150.png 150w, https:\/\/www.stodolaolomouc.cz\/wp-content\/uploads\/2025\/09\/3-1-768x768.png 768w, https:\/\/www.stodolaolomouc.cz\/wp-content\/uploads\/2025\/09\/3-1.png 1080w\" sizes=\"(max-width: 1024px) 100vw, 1024px\" \/><\/figure>","protected":false},"excerpt":{"rendered":"<p>Mil\u00ed host\u00e9, p\u0159\u00e1tel\u00e9 a fanou\u0161ci dobr\u00e9ho j\u00eddla, jsem&nbsp;Standa Kub\u00edn, mana\u017eer restaurace Stodola, a srde\u010dn\u011b v\u00e1s zvu na na\u0161i dal\u0161\u00ed degusta\u010dn\u00ed ve\u010de\u0159i, kter\u00e1 ponese n\u00e1zev&nbsp;Ohe\u0148 &amp; Grill. Tentokr\u00e1t se spole\u010dn\u011b rozlou\u010d\u00edme s letn\u00ed a grilovac\u00ed sez\u00f3nou opravdu stylov\u011b \u2013 p\u0159\u00edmo na na\u0161\u00ed zahr\u00e1dce. \u2728 \ud83d\udcc5&nbsp;Kdy?&nbsp;St\u0159eda 24. 9. 2025 od 18:00\ud83d\udccd&nbsp;Kde?&nbsp;Restaurace Stodola \u2013 zahr\u00e1dka, Olomouc A na [&hellip;]<\/p>\n","protected":false},"author":2,"featured_media":2695,"comment_status":"closed","ping_status":"open","sticky":false,"template":"","format":"standard","meta":{"_acf_changed":false,"footnotes":""},"categories":[1],"tags":[24,21,14,13],"class_list":["post-2703","post","type-post","status-publish","format-standard","has-post-thumbnail","hentry","category-nezarazene","tag-desgutace","tag-gastro","tag-restaurace","tag-stodola"],"acf":[],"_links":{"self":[{"href":"https:\/\/www.stodolaolomouc.cz\/pl\/wp-json\/wp\/v2\/posts\/2703","targetHints":{"allow":["GET"]}}],"collection":[{"href":"https:\/\/www.stodolaolomouc.cz\/pl\/wp-json\/wp\/v2\/posts"}],"about":[{"href":"https:\/\/www.stodolaolomouc.cz\/pl\/wp-json\/wp\/v2\/types\/post"}],"author":[{"embeddable":true,"href":"https:\/\/www.stodolaolomouc.cz\/pl\/wp-json\/wp\/v2\/users\/2"}],"replies":[{"embeddable":true,"href":"https:\/\/www.stodolaolomouc.cz\/pl\/wp-json\/wp\/v2\/comments?post=2703"}],"version-history":[{"count":1,"href":"https:\/\/www.stodolaolomouc.cz\/pl\/wp-json\/wp\/v2\/posts\/2703\/revisions"}],"predecessor-version":[{"id":2707,"href":"https:\/\/www.stodolaolomouc.cz\/pl\/wp-json\/wp\/v2\/posts\/2703\/revisions\/2707"}],"wp:featuredmedia":[{"embeddable":true,"href":"https:\/\/www.stodolaolomouc.cz\/pl\/wp-json\/wp\/v2\/media\/2695"}],"wp:attachment":[{"href":"https:\/\/www.stodolaolomouc.cz\/pl\/wp-json\/wp\/v2\/media?parent=2703"}],"wp:term":[{"taxonomy":"category","embeddable":true,"href":"https:\/\/www.stodolaolomouc.cz\/pl\/wp-json\/wp\/v2\/categories?post=2703"},{"taxonomy":"post_tag","embeddable":true,"href":"https:\/\/www.stodolaolomouc.cz\/pl\/wp-json\/wp\/v2\/tags?post=2703"}],"curies":[{"name":"wp","href":"https:\/\/api.w.org\/{rel}","templated":true}]}}