{"id":2680,"date":"2025-08-11T12:00:48","date_gmt":"2025-08-11T10:00:48","guid":{"rendered":"https:\/\/www.stodolaolomouc.cz\/?p=2680"},"modified":"2025-08-11T12:01:02","modified_gmt":"2025-08-11T10:01:02","slug":"pieciodaniowa-kolacja-degustacyjna-z-czeskim-winem-z-moraw-poludniowych","status":"publish","type":"post","link":"https:\/\/www.stodolaolomouc.cz\/pl\/blog\/petichodova-degustacni-vecere-s-ceskym-vinem-z-jizni-moravy\/","title":{"rendered":"PI\u0118CIODANIOWA KOLACJA DEGUSTACYJNA Z CZESKIM WINEM Z PO\u0141UDNIOWYCH MORAW"},"content":{"rendered":"<p>Data i godzina: \u015broda 20.8.2025 od 18:00 w ogrodzie restauracji Stodo\u0142a<br>Miejsce: restauracja Stodola, O\u0142omuniec<\/p>\n\n\n\n<p>Szef kuchni restauracji Stodola Petr Kudl\u00e1\u010d zadba o niezapomniane doznania kulinarne, przygotowuj\u0105c pi\u0119ciodaniowe menu pe\u0142ne sezonowych sk\u0142adnik\u00f3w i oryginalnych smak\u00f3w.<br>Piwniczka winna w \u0160tip\u010d\u00e1ku - prawdziwym sercu Moraw Po\u0142udniowych - zapewni idealne po\u0142\u0105czenie win.<br>Ca\u0142emu wieczorowi towarzyszy\u0107 b\u0119dzie komentarz na temat wina i poszczeg\u00f3lnych da\u0144, a atmosfer\u0119 podkr\u0119ci muzyka na \u017cywo.<\/p>\n\n\n\n<p>MENU I PAROWANIE WIN:<\/p>\n\n\n\n<p>1\ufe0f\u20e3 Przystawka na zimno<br>Tatar wo\u0142owy z majonezem truflowym, opiekanymi frytkami, marynowanym \u017c\u00f3\u0142tkiem, mikrozielonymi warzywami, w\u0119dzon\u0105 sol\u0105<br>Wino: Riesling - wytrawne<\/p>\n\n\n\n<p>2\ufe0f\u20e3 Ciep\u0142a przystawka<br>Pieczony seler z redukcj\u0105 P\u00e1lava, orzechami w\u0142oskimi, puree z selera, mas\u0142em sza\u0142wiowym<br>Wino: P\u00e1lava - p\u00f3\u0142s\u0142odkie<\/p>\n\n\n\n<p>3\ufe0f\u20e3 Danie g\u0142\u00f3wne I<br>Gulasz z dzika z czerwonym winem, demi-glace z dzikiej r\u00f3\u017cy, olej \u015bwierkowy, pierogi \u015bwierkowe<br>Wino: Frankovka<\/p>\n\n\n\n<p>4\ufe0f\u20e3 Danie g\u0142\u00f3wne II<br>Filet z pstr\u0105ga w ma\u015ble, krem z pasternaku, coulis z groszku, kawior per\u0142owy, espuma z rieslinga<br>Wino: Riesling<\/p>\n\n\n\n<p>5\ufe0f\u20e3 Deser<br>Mus sernikowy z os\u0142onk\u0105 miodow\u0105, \u017celem morelowym, espum\u0105 Tramin, suszonymi kwiatami<br>Wino: Tramin czerwone<\/p>\n\n\n\n<p>Cena: 699 CZK \/ osoba<br>5-daniowe menu z winami<br>Komentarz z przewodnikiem na temat wina i jedzenia<br>\u015awietna atmosfera i muzyka na \u017cywo<\/p>\n\n\n\n<p>Rezerwacje:<br>\ud83c\udf10 <a href=\"https:\/\/www.stodolaolomouc.cz\/pl\/\">www.stodolaolomouc.cz<\/a><br>SMSTICKET - <a href=\"https:\/\/www.smsticket.cz\/vstupenky\/59454-petichodova-degustacni-vecere-s-ceskym-vinem-z-jizni-moravy?utm_campaign=smsticket-prodejni-odkaz\" target=\"_blank\" rel=\"noopener\">https:\/\/www.smsticket.cz\/vstupenky\/59454-petichodova-degustacni-vecere-s-ceskym-vinem-z-jizni-moravy?utm_campaign=smsticket-prodejni-odkaz<\/a><\/p>\n\n\n\n<p>UWAGA! Ograniczona pojemno\u015b\u0107 - tylko 40 miejsc.<\/p>\n\n\n\n<figure class=\"wp-block-image size-large\"><img fetchpriority=\"high\" decoding=\"async\" width=\"819\" height=\"1024\" src=\"https:\/\/www.stodolaolomouc.cz\/wp-content\/uploads\/2025\/08\/1-6-1-819x1024.png\" alt=\"\" class=\"wp-image-2682\" srcset=\"https:\/\/www.stodolaolomouc.cz\/wp-content\/uploads\/2025\/08\/1-6-1-819x1024.png 819w, https:\/\/www.stodolaolomouc.cz\/wp-content\/uploads\/2025\/08\/1-6-1-240x300.png 240w, https:\/\/www.stodolaolomouc.cz\/wp-content\/uploads\/2025\/08\/1-6-1-768x960.png 768w, https:\/\/www.stodolaolomouc.cz\/wp-content\/uploads\/2025\/08\/1-6-1.png 1080w\" sizes=\"(max-width: 819px) 100vw, 819px\" \/><\/figure>\n\n\n\n<figure class=\"wp-block-image size-large\"><img decoding=\"async\" width=\"819\" height=\"1024\" src=\"https:\/\/www.stodolaolomouc.cz\/wp-content\/uploads\/2025\/08\/2-6-819x1024.png\" alt=\"\" class=\"wp-image-2683\" srcset=\"https:\/\/www.stodolaolomouc.cz\/wp-content\/uploads\/2025\/08\/2-6-819x1024.png 819w, https:\/\/www.stodolaolomouc.cz\/wp-content\/uploads\/2025\/08\/2-6-240x300.png 240w, https:\/\/www.stodolaolomouc.cz\/wp-content\/uploads\/2025\/08\/2-6-768x960.png 768w, https:\/\/www.stodolaolomouc.cz\/wp-content\/uploads\/2025\/08\/2-6.png 1080w\" sizes=\"(max-width: 819px) 100vw, 819px\" \/><\/figure>\n\n\n\n<figure class=\"wp-block-image size-large\"><img decoding=\"async\" width=\"819\" height=\"1024\" src=\"https:\/\/www.stodolaolomouc.cz\/wp-content\/uploads\/2025\/08\/3-7-819x1024.png\" alt=\"\" class=\"wp-image-2684\" srcset=\"https:\/\/www.stodolaolomouc.cz\/wp-content\/uploads\/2025\/08\/3-7-819x1024.png 819w, https:\/\/www.stodolaolomouc.cz\/wp-content\/uploads\/2025\/08\/3-7-240x300.png 240w, https:\/\/www.stodolaolomouc.cz\/wp-content\/uploads\/2025\/08\/3-7-768x960.png 768w, https:\/\/www.stodolaolomouc.cz\/wp-content\/uploads\/2025\/08\/3-7.png 1080w\" sizes=\"(max-width: 819px) 100vw, 819px\" \/><\/figure>\n\n\n\n<figure class=\"wp-block-image size-large\"><img loading=\"lazy\" decoding=\"async\" width=\"819\" height=\"1024\" src=\"https:\/\/www.stodolaolomouc.cz\/wp-content\/uploads\/2025\/08\/4-8-819x1024.png\" alt=\"\" class=\"wp-image-2685\" srcset=\"https:\/\/www.stodolaolomouc.cz\/wp-content\/uploads\/2025\/08\/4-8-819x1024.png 819w, https:\/\/www.stodolaolomouc.cz\/wp-content\/uploads\/2025\/08\/4-8-240x300.png 240w, https:\/\/www.stodolaolomouc.cz\/wp-content\/uploads\/2025\/08\/4-8-768x960.png 768w, https:\/\/www.stodolaolomouc.cz\/wp-content\/uploads\/2025\/08\/4-8.png 1080w\" sizes=\"(max-width: 819px) 100vw, 819px\" \/><\/figure>\n\n\n\n<figure class=\"wp-block-image size-large\"><img loading=\"lazy\" decoding=\"async\" width=\"819\" height=\"1024\" src=\"https:\/\/www.stodolaolomouc.cz\/wp-content\/uploads\/2025\/08\/5-6-819x1024.png\" alt=\"\" class=\"wp-image-2686\" srcset=\"https:\/\/www.stodolaolomouc.cz\/wp-content\/uploads\/2025\/08\/5-6-819x1024.png 819w, https:\/\/www.stodolaolomouc.cz\/wp-content\/uploads\/2025\/08\/5-6-240x300.png 240w, https:\/\/www.stodolaolomouc.cz\/wp-content\/uploads\/2025\/08\/5-6-768x960.png 768w, https:\/\/www.stodolaolomouc.cz\/wp-content\/uploads\/2025\/08\/5-6.png 1080w\" sizes=\"(max-width: 819px) 100vw, 819px\" \/><\/figure>\n\n\n\n<figure class=\"wp-block-image size-large\"><img loading=\"lazy\" decoding=\"async\" width=\"819\" height=\"1024\" src=\"https:\/\/www.stodolaolomouc.cz\/wp-content\/uploads\/2025\/08\/6-2-819x1024.png\" alt=\"\" class=\"wp-image-2687\" srcset=\"https:\/\/www.stodolaolomouc.cz\/wp-content\/uploads\/2025\/08\/6-2-819x1024.png 819w, https:\/\/www.stodolaolomouc.cz\/wp-content\/uploads\/2025\/08\/6-2-240x300.png 240w, https:\/\/www.stodolaolomouc.cz\/wp-content\/uploads\/2025\/08\/6-2-768x960.png 768w, https:\/\/www.stodolaolomouc.cz\/wp-content\/uploads\/2025\/08\/6-2.png 1080w\" sizes=\"(max-width: 819px) 100vw, 819px\" \/><\/figure>\n\n\n\n<figure class=\"wp-block-image size-large\"><img loading=\"lazy\" decoding=\"async\" width=\"819\" height=\"1024\" src=\"https:\/\/www.stodolaolomouc.cz\/wp-content\/uploads\/2025\/08\/7-2-819x1024.png\" alt=\"\" class=\"wp-image-2688\" srcset=\"https:\/\/www.stodolaolomouc.cz\/wp-content\/uploads\/2025\/08\/7-2-819x1024.png 819w, https:\/\/www.stodolaolomouc.cz\/wp-content\/uploads\/2025\/08\/7-2-240x300.png 240w, https:\/\/www.stodolaolomouc.cz\/wp-content\/uploads\/2025\/08\/7-2-768x960.png 768w, https:\/\/www.stodolaolomouc.cz\/wp-content\/uploads\/2025\/08\/7-2.png 1080w\" sizes=\"(max-width: 819px) 100vw, 819px\" \/><\/figure>","protected":false},"excerpt":{"rendered":"<p>\ud83d\udcc5 Datum a \u010das: St\u0159eda 20.8.2025 od 18:00 na zahr\u00e1dce restaurace Stodola\ud83d\udccd M\u00edsto: Restaurace Stodola, Olomouc O nezapomenuteln\u00fd gastronomick\u00fd z\u00e1\u017eitek se postar\u00e1 \u0161\u00e9fkucha\u0159 restaurace Stodola Petr Kudl\u00e1\u010d, kter\u00fd pro v\u00e1s p\u0159iprav\u00ed p\u011btichodov\u00e9 menu pln\u00e9 sez\u00f3nn\u00edch surovin a origin\u00e1ln\u00edch chut\u00ed.Dokonal\u00e9 vinn\u00e9 p\u00e1rov\u00e1n\u00ed zajist\u00ed Vinn\u00fd sklep u \u0160tip\u010d\u00e1k\u016f \u2013 prav\u00e9 srdce Ji\u017en\u00ed Moravy.Cel\u00fdm ve\u010derem v\u00e1s bude prov\u00e1zet [&hellip;]<\/p>\n","protected":false},"author":2,"featured_media":2681,"comment_status":"closed","ping_status":"open","sticky":false,"template":"","format":"standard","meta":{"_acf_changed":false,"footnotes":""},"categories":[1],"tags":[24,14,28,27,26],"class_list":["post-2680","post","type-post","status-publish","format-standard","has-post-thumbnail","hentry","category-nezarazene","tag-desgutace","tag-restaurace","tag-tatavkuchyni","tag-vinnyskleustipcaku","tag-vino"],"acf":[],"_links":{"self":[{"href":"https:\/\/www.stodolaolomouc.cz\/pl\/wp-json\/wp\/v2\/posts\/2680","targetHints":{"allow":["GET"]}}],"collection":[{"href":"https:\/\/www.stodolaolomouc.cz\/pl\/wp-json\/wp\/v2\/posts"}],"about":[{"href":"https:\/\/www.stodolaolomouc.cz\/pl\/wp-json\/wp\/v2\/types\/post"}],"author":[{"embeddable":true,"href":"https:\/\/www.stodolaolomouc.cz\/pl\/wp-json\/wp\/v2\/users\/2"}],"replies":[{"embeddable":true,"href":"https:\/\/www.stodolaolomouc.cz\/pl\/wp-json\/wp\/v2\/comments?post=2680"}],"version-history":[{"count":2,"href":"https:\/\/www.stodolaolomouc.cz\/pl\/wp-json\/wp\/v2\/posts\/2680\/revisions"}],"predecessor-version":[{"id":2690,"href":"https:\/\/www.stodolaolomouc.cz\/pl\/wp-json\/wp\/v2\/posts\/2680\/revisions\/2690"}],"wp:featuredmedia":[{"embeddable":true,"href":"https:\/\/www.stodolaolomouc.cz\/pl\/wp-json\/wp\/v2\/media\/2681"}],"wp:attachment":[{"href":"https:\/\/www.stodolaolomouc.cz\/pl\/wp-json\/wp\/v2\/media?parent=2680"}],"wp:term":[{"taxonomy":"category","embeddable":true,"href":"https:\/\/www.stodolaolomouc.cz\/pl\/wp-json\/wp\/v2\/categories?post=2680"},{"taxonomy":"post_tag","embeddable":true,"href":"https:\/\/www.stodolaolomouc.cz\/pl\/wp-json\/wp\/v2\/tags?post=2680"}],"curies":[{"name":"wp","href":"https:\/\/api.w.org\/{rel}","templated":true}]}}