{"id":2641,"date":"2025-07-07T13:16:12","date_gmt":"2025-07-07T11:16:12","guid":{"rendered":"https:\/\/www.stodolaolomouc.cz\/?p=2641"},"modified":"2025-07-07T13:16:12","modified_gmt":"2025-07-07T11:16:12","slug":"lato-w-stodole-smakolyki-z-grilla-%f0%9f%94%a5","status":"publish","type":"post","link":"https:\/\/www.stodolaolomouc.cz\/pl\/blog\/%f0%9f%94%a5-leto-ve-stodole-dobroty-z-grilu-%f0%9f%94%a5\/","title":{"rendered":"Lato w stodole = smako\u0142yki z grilla! \ud83d\udd25"},"content":{"rendered":"<p><br>Od\u00a0<strong>Od poniedzia\u0142ku 7 lipca do pi\u0105tku 11 lipca 2025 r.<\/strong>\u00a0dla Ciebie w ramach\u00a0<strong>menu lunchowe<\/strong>\u00a0jedziemy:<\/p>\n\n\n\n<p>\ud83e\udd69&nbsp;<strong>Stek z boczku wo\u0142owego sous-vide<\/strong><br>\ud83c\udf57&nbsp;<strong>Stek z piersi kurczaka sous-vide<\/strong><br>Z letni\u0105 sa\u0142atk\u0105 i sosem paprykowym<\/p>\n\n\n\n<p>To dopiero pocz\u0105tek! \ud83d\udc49&nbsp;<strong>Co tydzie\u0144 nowe menu z grillem.<\/strong><\/p>\n\n\n\n<p>Grillowanie w ogrodzie, serwowanie smak\u00f3w lata - \ud83c\udf3f Grillowanie w ogrodzie.&nbsp;<strong>Od poniedzia\u0142ku do pi\u0105tku tylko w menu lunchowym.<\/strong><\/p>\n\n\n\n<p>Co jeszcze?<\/p>\n\n\n\n<p>\ud83c\udf7d\ufe0f&nbsp;<strong>Ka\u017cdy dzie\u0144 tygodnia<\/strong>&nbsp;gotujemy z naszej g\u0142\u00f3wnej karty&nbsp;<strong>od 14:30<\/strong><br>\ud83c\udf7d\ufe0f&nbsp;<strong>W weekend<\/strong>&nbsp;otwieramy ju\u017c kuchni\u0119&nbsp;<strong>od 11:00<\/strong><\/p>\n\n\n\n<p>\ud83d\udccd&nbsp;<strong>Litovelsk\u00e1 77\/7, O\u0142omuniec<\/strong><br>Zatrzymaj si\u0119 na uczciwe i niedrogie jedzenie.<\/p>\n\n\n\n<p>Czekamy na Ciebie!<\/p>\n\n\n\n<p>1TP5RestaurantBarn 1TP5Lunchtime 1TP5Grilltime #flanksteak 1TP5Chickensteak 1TP5Flightsteak 1TP5Flyerstodole #olomoucrestaurant #gastronomia 1TP5Lunchtime #ceskagastro 1TP5Grilljidlo 1TP5Grilltime 1TP5Flyerjidlo<\/p>\n\n\n\n<figure class=\"wp-block-image size-large\"><img fetchpriority=\"high\" decoding=\"async\" width=\"768\" height=\"1024\" src=\"https:\/\/www.stodolaolomouc.cz\/wp-content\/uploads\/2025\/07\/WhatsApp-Image-2025-07-07-at-13.14.59-768x1024.jpeg\" alt=\"\" class=\"wp-image-2643\" srcset=\"https:\/\/www.stodolaolomouc.cz\/wp-content\/uploads\/2025\/07\/WhatsApp-Image-2025-07-07-at-13.14.59-768x1024.jpeg 768w, https:\/\/www.stodolaolomouc.cz\/wp-content\/uploads\/2025\/07\/WhatsApp-Image-2025-07-07-at-13.14.59-225x300.jpeg 225w, https:\/\/www.stodolaolomouc.cz\/wp-content\/uploads\/2025\/07\/WhatsApp-Image-2025-07-07-at-13.14.59-1152x1536.jpeg 1152w, https:\/\/www.stodolaolomouc.cz\/wp-content\/uploads\/2025\/07\/WhatsApp-Image-2025-07-07-at-13.14.59.jpeg 1536w\" sizes=\"(max-width: 768px) 100vw, 768px\" \/><\/figure>\n\n\n\n<figure class=\"wp-block-image size-large\"><img decoding=\"async\" width=\"768\" height=\"1024\" src=\"https:\/\/www.stodolaolomouc.cz\/wp-content\/uploads\/2025\/07\/WhatsApp-Image-2025-07-07-at-13.14.59-1-768x1024.jpeg\" alt=\"\" class=\"wp-image-2644\" srcset=\"https:\/\/www.stodolaolomouc.cz\/wp-content\/uploads\/2025\/07\/WhatsApp-Image-2025-07-07-at-13.14.59-1-768x1024.jpeg 768w, https:\/\/www.stodolaolomouc.cz\/wp-content\/uploads\/2025\/07\/WhatsApp-Image-2025-07-07-at-13.14.59-1-225x300.jpeg 225w, https:\/\/www.stodolaolomouc.cz\/wp-content\/uploads\/2025\/07\/WhatsApp-Image-2025-07-07-at-13.14.59-1-1152x1536.jpeg 1152w, https:\/\/www.stodolaolomouc.cz\/wp-content\/uploads\/2025\/07\/WhatsApp-Image-2025-07-07-at-13.14.59-1.jpeg 1536w\" sizes=\"(max-width: 768px) 100vw, 768px\" \/><\/figure>","protected":false},"excerpt":{"rendered":"<p>Od\u00a0pond\u011bl\u00ed 7. 7. do p\u00e1tku 11. 7. 2025\u00a0pro v\u00e1s v r\u00e1mci\u00a0poledn\u00edho menu\u00a0chyst\u00e1me: \ud83e\udd69&nbsp;Hov\u011bz\u00ed flank steak sous-vide\ud83c\udf57&nbsp;Ku\u0159ec\u00ed prsn\u00ed steak sous-vide\ud83e\udd57 S letn\u00edm sal\u00e1tem a pep\u0159ovou om\u00e1\u010dkou Tohle je jen za\u010d\u00e1tek! \ud83d\udc49&nbsp;Ka\u017ed\u00fd t\u00fdden nov\u00e1 grilovan\u00e1 nab\u00eddka. \ud83c\udf3f Grilujeme na zahr\u00e1dce, serv\u00edrujeme chut\u011b l\u00e9ta \u2013&nbsp;jen od pond\u011bl\u00ed do p\u00e1tku v r\u00e1mci poledn\u00edho menu. A co d\u00e1l? \ud83c\udf7d\ufe0f&nbsp;Ka\u017ed\u00fd v\u0161edn\u00ed [&hellip;]<\/p>\n","protected":false},"author":2,"featured_media":2642,"comment_status":"closed","ping_status":"open","sticky":false,"template":"","format":"standard","meta":{"_acf_changed":false,"footnotes":""},"categories":[1],"tags":[],"class_list":["post-2641","post","type-post","status-publish","format-standard","has-post-thumbnail","hentry","category-nezarazene"],"acf":[],"_links":{"self":[{"href":"https:\/\/www.stodolaolomouc.cz\/pl\/wp-json\/wp\/v2\/posts\/2641","targetHints":{"allow":["GET"]}}],"collection":[{"href":"https:\/\/www.stodolaolomouc.cz\/pl\/wp-json\/wp\/v2\/posts"}],"about":[{"href":"https:\/\/www.stodolaolomouc.cz\/pl\/wp-json\/wp\/v2\/types\/post"}],"author":[{"embeddable":true,"href":"https:\/\/www.stodolaolomouc.cz\/pl\/wp-json\/wp\/v2\/users\/2"}],"replies":[{"embeddable":true,"href":"https:\/\/www.stodolaolomouc.cz\/pl\/wp-json\/wp\/v2\/comments?post=2641"}],"version-history":[{"count":2,"href":"https:\/\/www.stodolaolomouc.cz\/pl\/wp-json\/wp\/v2\/posts\/2641\/revisions"}],"predecessor-version":[{"id":2646,"href":"https:\/\/www.stodolaolomouc.cz\/pl\/wp-json\/wp\/v2\/posts\/2641\/revisions\/2646"}],"wp:featuredmedia":[{"embeddable":true,"href":"https:\/\/www.stodolaolomouc.cz\/pl\/wp-json\/wp\/v2\/media\/2642"}],"wp:attachment":[{"href":"https:\/\/www.stodolaolomouc.cz\/pl\/wp-json\/wp\/v2\/media?parent=2641"}],"wp:term":[{"taxonomy":"category","embeddable":true,"href":"https:\/\/www.stodolaolomouc.cz\/pl\/wp-json\/wp\/v2\/categories?post=2641"},{"taxonomy":"post_tag","embeddable":true,"href":"https:\/\/www.stodolaolomouc.cz\/pl\/wp-json\/wp\/v2\/tags?post=2641"}],"curies":[{"name":"wp","href":"https:\/\/api.w.org\/{rel}","templated":true}]}}