{"id":2703,"date":"2025-09-05T13:03:01","date_gmt":"2025-09-05T11:03:01","guid":{"rendered":"https:\/\/www.stodolaolomouc.cz\/?p=2703"},"modified":"2025-09-05T13:03:01","modified_gmt":"2025-09-05T11:03:01","slug":"%f0%9f%94%a5-tasting-ohen-grill-farewell-to-the-grilling-season-in-the-barn","status":"publish","type":"post","link":"https:\/\/www.stodolaolomouc.cz\/en\/blog\/%f0%9f%94%a5-degustace-ohen-grill-rozlouceni-s-grilovaci-sezonou-ve-stodole\/","title":{"rendered":"\ud83d\udd25 DEGUSTATION FIRE &amp; GRILL - Farewell to the barbecue season in Stodola\u00a0"},"content":{"rendered":"<p>Dear guests, friends and fans of good food,<\/p>\n\n\n\n<p>I'm&nbsp;<strong>Standa Kubin<\/strong>, manager of the Stodola restaurant, and I cordially invite you to our next tasting dinner, which will be called&nbsp;<strong>Fire &amp; Grill<\/strong>. This time we will say goodbye to the summer and barbecue season together in style - right in our garden. \u2728<\/p>\n\n\n\n<p>\ud83d\udcc5&nbsp;<strong>When?<\/strong>&nbsp;Wednesday 24 September 2025 from 18:00<br>\ud83d\udccd&nbsp;<strong>Where?<\/strong>&nbsp;Restaurant Stodola - garden, Olomouc<\/p>\n\n\n\n<p>And what can you look forward to?<br>\ud83c\udf74&nbsp;<strong>2 starters<\/strong>&nbsp;- Peter vs. Jarda<br>\ud83d\udd25&nbsp;<strong>2 main courses<\/strong>&nbsp;- each in their own style, inspired by fire and barbecue<br>\ud83c\udf70&nbsp;<strong>1 dessert<\/strong>&nbsp;- sweet spot at the end<br>\ud83c\udfac&nbsp;<strong>Live show<\/strong>&nbsp;- cooking right before your eyes<\/p>\n\n\n\n<p>\ud83d\udc49 I'll be guiding you through the whole evening, either from the microphone or right among you at the tables. Tasting at the Barn is not just about the food for me - it's a combination&nbsp;<strong>art, taste and atmosphere<\/strong>, that we want to share with you.<\/p>\n\n\n\n<p>\ud83c\udf9f\ufe0f Tickets are on sale now via\u00a0<strong>SMS ticket<\/strong>\u00a0- and beware, capacity is limited to 60 seats - <a href=\"https:\/\/www.smsticket.cz\/vstupenky\/59884-degustace-na-tema-ohen-grill-restaurace-stodola-olomouc?utm_campaign=smsticket-prodejni-odkaz\" data-type=\"link\" data-id=\"https:\/\/www.smsticket.cz\/vstupenky\/59884-degustace-na-tema-ohen-grill-restaurace-stodola-olomouc?utm_campaign=smsticket-prodejni-odkaz\" target=\"_blank\" rel=\"noopener\">https:\/\/www.smsticket.cz\/vstupenky\/59884-degustace-na-tema-ohen-grill-restaurace-stodola-olomouc?utm_campaign=smsticket-prodejni-odkaz<\/a><\/p>\n\n\n\n<p>Come experience an evening where fire, taste and experience meet. We are already looking forward to spending time together! \u2764\ufe0f<\/p>\n\n\n\n<p>With respect and joy,<br><strong>Standa Kubin<\/strong><br>manager Restaurant Stodola<\/p>\n\n\n\n<p>#StodolaOlomouc #Degustation #OhenaGrill #Podzim2025 #SMSticket #GastroEnjoyment #ShowCooking<\/p>\n\n\n\n<figure class=\"wp-block-image size-large\"><img fetchpriority=\"high\" decoding=\"async\" width=\"1024\" height=\"1024\" src=\"https:\/\/www.stodolaolomouc.cz\/wp-content\/uploads\/2025\/09\/1-1-1024x1024.png\" alt=\"\" class=\"wp-image-2704\" srcset=\"https:\/\/www.stodolaolomouc.cz\/wp-content\/uploads\/2025\/09\/1-1-1024x1024.png 1024w, https:\/\/www.stodolaolomouc.cz\/wp-content\/uploads\/2025\/09\/1-1-300x300.png 300w, https:\/\/www.stodolaolomouc.cz\/wp-content\/uploads\/2025\/09\/1-1-150x150.png 150w, https:\/\/www.stodolaolomouc.cz\/wp-content\/uploads\/2025\/09\/1-1-768x768.png 768w, https:\/\/www.stodolaolomouc.cz\/wp-content\/uploads\/2025\/09\/1-1.png 1080w\" sizes=\"(max-width: 1024px) 100vw, 1024px\" \/><\/figure>\n\n\n\n<figure class=\"wp-block-image size-large\"><img decoding=\"async\" width=\"1024\" height=\"1024\" src=\"https:\/\/www.stodolaolomouc.cz\/wp-content\/uploads\/2025\/09\/2-1-1024x1024.png\" alt=\"\" class=\"wp-image-2705\" srcset=\"https:\/\/www.stodolaolomouc.cz\/wp-content\/uploads\/2025\/09\/2-1-1024x1024.png 1024w, https:\/\/www.stodolaolomouc.cz\/wp-content\/uploads\/2025\/09\/2-1-300x300.png 300w, https:\/\/www.stodolaolomouc.cz\/wp-content\/uploads\/2025\/09\/2-1-150x150.png 150w, https:\/\/www.stodolaolomouc.cz\/wp-content\/uploads\/2025\/09\/2-1-768x768.png 768w, https:\/\/www.stodolaolomouc.cz\/wp-content\/uploads\/2025\/09\/2-1.png 1080w\" sizes=\"(max-width: 1024px) 100vw, 1024px\" \/><\/figure>\n\n\n\n<figure class=\"wp-block-image size-large\"><img decoding=\"async\" width=\"1024\" height=\"1024\" src=\"https:\/\/www.stodolaolomouc.cz\/wp-content\/uploads\/2025\/09\/3-1-1024x1024.png\" alt=\"\" class=\"wp-image-2706\" srcset=\"https:\/\/www.stodolaolomouc.cz\/wp-content\/uploads\/2025\/09\/3-1-1024x1024.png 1024w, https:\/\/www.stodolaolomouc.cz\/wp-content\/uploads\/2025\/09\/3-1-300x300.png 300w, https:\/\/www.stodolaolomouc.cz\/wp-content\/uploads\/2025\/09\/3-1-150x150.png 150w, https:\/\/www.stodolaolomouc.cz\/wp-content\/uploads\/2025\/09\/3-1-768x768.png 768w, https:\/\/www.stodolaolomouc.cz\/wp-content\/uploads\/2025\/09\/3-1.png 1080w\" sizes=\"(max-width: 1024px) 100vw, 1024px\" \/><\/figure>","protected":false},"excerpt":{"rendered":"<p>Mil\u00ed host\u00e9, p\u0159\u00e1tel\u00e9 a fanou\u0161ci dobr\u00e9ho j\u00eddla, jsem&nbsp;Standa Kub\u00edn, mana\u017eer restaurace Stodola, a srde\u010dn\u011b v\u00e1s zvu na na\u0161i dal\u0161\u00ed degusta\u010dn\u00ed ve\u010de\u0159i, kter\u00e1 ponese n\u00e1zev&nbsp;Ohe\u0148 &amp; Grill. Tentokr\u00e1t se spole\u010dn\u011b rozlou\u010d\u00edme s letn\u00ed a grilovac\u00ed sez\u00f3nou opravdu stylov\u011b \u2013 p\u0159\u00edmo na na\u0161\u00ed zahr\u00e1dce. \u2728 \ud83d\udcc5&nbsp;Kdy?&nbsp;St\u0159eda 24. 9. 2025 od 18:00\ud83d\udccd&nbsp;Kde?&nbsp;Restaurace Stodola \u2013 zahr\u00e1dka, Olomouc A na [&hellip;]<\/p>\n","protected":false},"author":2,"featured_media":2695,"comment_status":"closed","ping_status":"open","sticky":false,"template":"","format":"standard","meta":{"_acf_changed":false,"footnotes":""},"categories":[1],"tags":[24,21,14,13],"class_list":["post-2703","post","type-post","status-publish","format-standard","has-post-thumbnail","hentry","category-nezarazene","tag-desgutace","tag-gastro","tag-restaurace","tag-stodola"],"acf":[],"_links":{"self":[{"href":"https:\/\/www.stodolaolomouc.cz\/en\/wp-json\/wp\/v2\/posts\/2703","targetHints":{"allow":["GET"]}}],"collection":[{"href":"https:\/\/www.stodolaolomouc.cz\/en\/wp-json\/wp\/v2\/posts"}],"about":[{"href":"https:\/\/www.stodolaolomouc.cz\/en\/wp-json\/wp\/v2\/types\/post"}],"author":[{"embeddable":true,"href":"https:\/\/www.stodolaolomouc.cz\/en\/wp-json\/wp\/v2\/users\/2"}],"replies":[{"embeddable":true,"href":"https:\/\/www.stodolaolomouc.cz\/en\/wp-json\/wp\/v2\/comments?post=2703"}],"version-history":[{"count":1,"href":"https:\/\/www.stodolaolomouc.cz\/en\/wp-json\/wp\/v2\/posts\/2703\/revisions"}],"predecessor-version":[{"id":2707,"href":"https:\/\/www.stodolaolomouc.cz\/en\/wp-json\/wp\/v2\/posts\/2703\/revisions\/2707"}],"wp:featuredmedia":[{"embeddable":true,"href":"https:\/\/www.stodolaolomouc.cz\/en\/wp-json\/wp\/v2\/media\/2695"}],"wp:attachment":[{"href":"https:\/\/www.stodolaolomouc.cz\/en\/wp-json\/wp\/v2\/media?parent=2703"}],"wp:term":[{"taxonomy":"category","embeddable":true,"href":"https:\/\/www.stodolaolomouc.cz\/en\/wp-json\/wp\/v2\/categories?post=2703"},{"taxonomy":"post_tag","embeddable":true,"href":"https:\/\/www.stodolaolomouc.cz\/en\/wp-json\/wp\/v2\/tags?post=2703"}],"curies":[{"name":"wp","href":"https:\/\/api.w.org\/{rel}","templated":true}]}}